{"id":3023,"date":"2020-07-01T15:34:06","date_gmt":"2020-07-01T18:34:06","guid":{"rendered":"http:\/\/www.imagina.com.br\/blog\/?p=3023"},"modified":"2020-07-01T15:34:06","modified_gmt":"2020-07-01T18:34:06","slug":"isis-e-a-nossa-nova-estagiaria","status":"publish","type":"post","link":"https:\/\/www.imagina.com.br\/blog\/?p=3023","title":{"rendered":"Isis \u00e9 a nossa nova Estagi\u00e1ria!"},"content":{"rendered":"<p>E hoje, primeiro de julho, come\u00e7amos com uma boa novidade.<\/p>\n<p>Isis Verween \u00e9 nossa nova estagi\u00e1ria e ir\u00e1 colaboradorar em tudo por aqui, passando por todos os departamentos das produtoras.<\/p>\n<p><img data-recalc-dims=\"1\" loading=\"lazy\" decoding=\"async\" data-attachment-id=\"3024\" data-permalink=\"https:\/\/www.imagina.com.br\/blog\/?attachment_id=3024\" data-orig-file=\"https:\/\/i0.wp.com\/www.imagina.com.br\/blog\/wp-content\/uploads\/2020\/07\/IMG_4760-scaled.jpg?fit=2560%2C2281&amp;ssl=1\" data-orig-size=\"2560,2281\" data-comments-opened=\"1\" data-image-meta=\"{&quot;aperture&quot;:&quot;1.8&quot;,&quot;credit&quot;:&quot;&quot;,&quot;camera&quot;:&quot;iPhone 8&quot;,&quot;caption&quot;:&quot;&quot;,&quot;created_timestamp&quot;:&quot;1593616123&quot;,&quot;copyright&quot;:&quot;&quot;,&quot;focal_length&quot;:&quot;3.99&quot;,&quot;iso&quot;:&quot;64&quot;,&quot;shutter_speed&quot;:&quot;0.066666666666667&quot;,&quot;title&quot;:&quot;&quot;,&quot;orientation&quot;:&quot;1&quot;}\" data-image-title=\"IMG_4760\" data-image-description=\"\" data-image-caption=\"\" data-large-file=\"https:\/\/i0.wp.com\/www.imagina.com.br\/blog\/wp-content\/uploads\/2020\/07\/IMG_4760-scaled.jpg?fit=1024%2C912&amp;ssl=1\" class=\"aligncenter size-large wp-image-3024\" src=\"https:\/\/i0.wp.com\/www.imagina.com.br\/blog\/wp-content\/uploads\/2020\/07\/IMG_4760.jpg?resize=480%2C428\" alt=\"\" width=\"480\" height=\"428\" srcset=\"https:\/\/i0.wp.com\/www.imagina.com.br\/blog\/wp-content\/uploads\/2020\/07\/IMG_4760-scaled.jpg?resize=1024%2C912&amp;ssl=1 1024w, https:\/\/i0.wp.com\/www.imagina.com.br\/blog\/wp-content\/uploads\/2020\/07\/IMG_4760-scaled.jpg?resize=300%2C267&amp;ssl=1 300w, https:\/\/i0.wp.com\/www.imagina.com.br\/blog\/wp-content\/uploads\/2020\/07\/IMG_4760-scaled.jpg?resize=768%2C684&amp;ssl=1 768w, https:\/\/i0.wp.com\/www.imagina.com.br\/blog\/wp-content\/uploads\/2020\/07\/IMG_4760-scaled.jpg?resize=1536%2C1369&amp;ssl=1 1536w, https:\/\/i0.wp.com\/www.imagina.com.br\/blog\/wp-content\/uploads\/2020\/07\/IMG_4760-scaled.jpg?resize=2048%2C1825&amp;ssl=1 2048w\" sizes=\"auto, (max-width: 480px) 100vw, 480px\" \/><\/p>\n<p>Cursando Cinema na faculdade FACHA-RJ, ter\u00e1 a oportunidade de<br \/>\natuar como assistente de nossos projetos, ajudando nos processos criativos e administrativos e at\u00e9 comerciais!<\/p>\n<p>A Imagina, a CineramaBrasilis, o DigitalBrainLab e a Butterflies acreditam que ser\u00e1 muito produtivo para todos.<\/p>\n<p>Ainda dentro de uma opera\u00e7\u00e3o consciente e segura, mas estamos retomando cada vez mais firmes as atividades normais. N\u00e3o paramos nem um dia em toda a crise causada pela pandemia.<\/p>\n<p>Desejamos sucesso para a Isis.<\/p>\n","protected":false},"excerpt":{"rendered":"<p>E hoje, primeiro de julho, come\u00e7amos com uma boa novidade. Isis Verween \u00e9 nossa nova estagi\u00e1ria e ir\u00e1 colaboradorar em tudo por aqui, passando por todos os departamentos das produtoras. Cursando Cinema na faculdade FACHA-RJ, ter\u00e1 a oportunidade de atuar como assistente de nossos projetos, ajudando nos processos criativos e administrativos e at\u00e9 comerciais! A [&hellip;]<\/p>\n","protected":false},"author":6,"featured_media":3025,"comment_status":"open","ping_status":"open","sticky":false,"template":"","format":"standard","meta":{"jetpack_post_was_ever_published":false,"_jetpack_newsletter_access":"","_jetpack_dont_email_post_to_subs":false,"_jetpack_newsletter_tier_id":0,"_jetpack_memberships_contains_paywalled_content":false,"_jetpack_memberships_contains_paid_content":false,"footnotes":"","jetpack_publicize_message":"","jetpack_publicize_feature_enabled":true,"jetpack_social_post_already_shared":false,"jetpack_social_options":{"image_generator_settings":{"template":"highway","default_image_id":0,"font":"","enabled":false},"version":2}},"categories":[4,3,2],"tags":[],"class_list":["post-3023","post","type-post","status-publish","format-standard","has-post-thumbnail","hentry","category-administracao","category-atendimento-e-publicidade","category-producao-arte-e-3d"],"jetpack_publicize_connections":[],"jetpack_featured_media_url":"https:\/\/i0.wp.com\/www.imagina.com.br\/blog\/wp-content\/uploads\/2020\/07\/WhatsApp-Image-2020-06-27-at-17.10.41.jpeg?fit=720%2C600&ssl=1","jetpack_shortlink":"https:\/\/wp.me\/p21GrM-ML","jetpack_sharing_enabled":true,"_links":{"self":[{"href":"https:\/\/www.imagina.com.br\/blog\/index.php?rest_route=\/wp\/v2\/posts\/3023","targetHints":{"allow":["GET"]}}],"collection":[{"href":"https:\/\/www.imagina.com.br\/blog\/index.php?rest_route=\/wp\/v2\/posts"}],"about":[{"href":"https:\/\/www.imagina.com.br\/blog\/index.php?rest_route=\/wp\/v2\/types\/post"}],"author":[{"embeddable":true,"href":"https:\/\/www.imagina.com.br\/blog\/index.php?rest_route=\/wp\/v2\/users\/6"}],"replies":[{"embeddable":true,"href":"https:\/\/www.imagina.com.br\/blog\/index.php?rest_route=%2Fwp%2Fv2%2Fcomments&post=3023"}],"version-history":[{"count":1,"href":"https:\/\/www.imagina.com.br\/blog\/index.php?rest_route=\/wp\/v2\/posts\/3023\/revisions"}],"predecessor-version":[{"id":3026,"href":"https:\/\/www.imagina.com.br\/blog\/index.php?rest_route=\/wp\/v2\/posts\/3023\/revisions\/3026"}],"wp:featuredmedia":[{"embeddable":true,"href":"https:\/\/www.imagina.com.br\/blog\/index.php?rest_route=\/wp\/v2\/media\/3025"}],"wp:attachment":[{"href":"https:\/\/www.imagina.com.br\/blog\/index.php?rest_route=%2Fwp%2Fv2%2Fmedia&parent=3023"}],"wp:term":[{"taxonomy":"category","embeddable":true,"href":"https:\/\/www.imagina.com.br\/blog\/index.php?rest_route=%2Fwp%2Fv2%2Fcategories&post=3023"},{"taxonomy":"post_tag","embeddable":true,"href":"https:\/\/www.imagina.com.br\/blog\/index.php?rest_route=%2Fwp%2Fv2%2Ftags&post=3023"}],"curies":[{"name":"wp","href":"https:\/\/api.w.org\/{rel}","templated":true}]}}